{"id":1337,"date":"2022-04-11T10:18:43","date_gmt":"2022-04-11T09:18:43","guid":{"rendered":"https:\/\/fvalemannia08nied.de\/?p=1337"},"modified":"2022-04-11T10:20:28","modified_gmt":"2022-04-11T09:20:28","slug":"die-alemannia-wunscht-euch-ein-frohes-osterfest","status":"publish","type":"post","link":"https:\/\/fvalemannia08nied.de\/?p=1337","title":{"rendered":"Die Alemannia w\u00fcnscht Euch ein frohes Osterfest!"},"content":{"rendered":"\n<p>Der neue Vorstand der Alemannia m\u00f6chten Euch ein sch\u00f6nes Osterfest w\u00fcnschen.<\/p>\n\n\n\n<figure class=\"wp-block-image size-full is-resized\"><img loading=\"lazy\" decoding=\"async\" src=\"https:\/\/fvalemannia08nied.de\/wp-content\/uploads\/2022\/04\/image-1.png\" alt=\"\" class=\"wp-image-1343\" width=\"839\" height=\"338\" srcset=\"https:\/\/fvalemannia08nied.de\/wp-content\/uploads\/2022\/04\/image-1.png 710w, https:\/\/fvalemannia08nied.de\/wp-content\/uploads\/2022\/04\/image-1-300x121.png 300w, https:\/\/fvalemannia08nied.de\/wp-content\/uploads\/2022\/04\/image-1-150x60.png 150w\" sizes=\"(max-width: 839px) 100vw, 839px\" \/><\/figure>\n\n\n\n<div class=\"wp-block-columns is-layout-flex wp-container-core-columns-is-layout-2 wp-block-columns-is-layout-flex\">\n<div class=\"wp-block-column is-layout-flow wp-block-column-is-layout-flow\" style=\"flex-basis:100%\">\n<p>Ja ist denn heut schon Ostern? Gro\u00dfe \u00dcberraschung und leuchtende Kinderaugen!<br>Auch wenn sie sich auf unserem Platz versteckt haben \u2013 letztlich sind sie doch gefunden worden. 200 Osterhasen hoppelten nun mit unseren kleinen Alemannen nach Hause.<\/p>\n\n\n\n<div class=\"wp-block-columns is-layout-flex wp-container-core-columns-is-layout-1 wp-block-columns-is-layout-flex\">\n<div class=\"wp-block-column is-layout-flow wp-block-column-is-layout-flow\">\n<p>\u201eMiteinander f\u00fcr die Region\u201c: Dank unseres Partners, der Nassauische Sparkasse, und einer privaten Spende konnten wir den kleinen Alemannen diese vor\u00f6sterliche Freude machen. Gemeinsamkeit verbindet uns. Ostern als Sinnbild von Auferstehung passt gut zu unserem Verein. Wir wachsen und gedeihen.<br>Auf dass wir nach Ostern wieder durchstarten.<\/p>\n<\/div>\n\n\n\n<div class=\"wp-block-column is-layout-flow wp-block-column-is-layout-flow\">\n<figure class=\"wp-block-image size-full\"><img loading=\"lazy\" decoding=\"async\" width=\"407\" height=\"264\" src=\"https:\/\/fvalemannia08nied.de\/wp-content\/uploads\/2022\/04\/image.png\" alt=\"\" class=\"wp-image-1342\" srcset=\"https:\/\/fvalemannia08nied.de\/wp-content\/uploads\/2022\/04\/image.png 407w, https:\/\/fvalemannia08nied.de\/wp-content\/uploads\/2022\/04\/image-300x195.png 300w, https:\/\/fvalemannia08nied.de\/wp-content\/uploads\/2022\/04\/image-150x97.png 150w\" sizes=\"(max-width: 407px) 100vw, 407px\" \/><\/figure>\n<\/div>\n<\/div>\n<\/div>\n<\/div>\n\n\n\n<div class=\"wp-block-columns is-layout-flex wp-container-core-columns-is-layout-4 wp-block-columns-is-layout-flex\">\n<div class=\"wp-block-column is-layout-flow wp-block-column-is-layout-flow\" style=\"flex-basis:100%\">\n<div class=\"wp-block-columns is-layout-flex wp-container-core-columns-is-layout-3 wp-block-columns-is-layout-flex\">\n<div class=\"wp-block-column is-layout-flow wp-block-column-is-layout-flow\" style=\"flex-basis:33.33%\">\n<figure class=\"wp-block-image size-full is-resized\"><img loading=\"lazy\" decoding=\"async\" src=\"https:\/\/fvalemannia08nied.de\/wp-content\/uploads\/2022\/04\/image-2.png\" alt=\"\" class=\"wp-image-1344\" width=\"138\" height=\"193\" srcset=\"https:\/\/fvalemannia08nied.de\/wp-content\/uploads\/2022\/04\/image-2.png 162w, https:\/\/fvalemannia08nied.de\/wp-content\/uploads\/2022\/04\/image-2-108x150.png 108w\" sizes=\"(max-width: 138px) 100vw, 138px\" \/><\/figure>\n<\/div>\n\n\n\n<div class=\"wp-block-column is-layout-flow wp-block-column-is-layout-flow\" style=\"flex-basis:66.66%\">\n<p>Gro\u00dfe Spiele stehen bevor:<br>&#8211; am Samstag, den 23.4. um 18:00 Uhr erwartet unsere Damenmannschaft im wohl wichtigsten Spiel der Saison die M\u00e4dels aus Weilbach. Es geht um den Aufstieg.<br>&#8211; am Samstag, den 12.6. um 15:30 Uhr begr\u00fc\u00dfen wir mit unserer 1- Mannschaft den Tabellenf\u00fchrer aus Weilbach. Hier werden wir zeigen, welche St\u00e4rke in der Alemannia steckt.<br>Wir sehen uns auf dem Platz.<\/p>\n<\/div>\n<\/div>\n<\/div>\n<\/div>\n","protected":false},"excerpt":{"rendered":"<p>Der neue Vorstand der Alemannia m\u00f6chten Euch ein sch\u00f6nes Osterfest w\u00fcnschen. Ja ist denn heut schon Ostern? Gro\u00dfe \u00dcberraschung und leuchtende Kinderaugen!Auch wenn sie sich auf unserem Platz versteckt haben \u2013 letztlich sind sie doch gefunden worden. 200 Osterhasen hoppelten nun mit unseren kleinen Alemannen nach Hause. \u201eMiteinander f\u00fcr die Region\u201c: Dank unseres Partners, der [&hellip;]<\/p>\n","protected":false},"author":5,"featured_media":0,"comment_status":"closed","ping_status":"open","sticky":false,"template":"","format":"standard","meta":{"footnotes":""},"categories":[5],"tags":[],"_links":{"self":[{"href":"https:\/\/fvalemannia08nied.de\/index.php?rest_route=\/wp\/v2\/posts\/1337"}],"collection":[{"href":"https:\/\/fvalemannia08nied.de\/index.php?rest_route=\/wp\/v2\/posts"}],"about":[{"href":"https:\/\/fvalemannia08nied.de\/index.php?rest_route=\/wp\/v2\/types\/post"}],"author":[{"embeddable":true,"href":"https:\/\/fvalemannia08nied.de\/index.php?rest_route=\/wp\/v2\/users\/5"}],"replies":[{"embeddable":true,"href":"https:\/\/fvalemannia08nied.de\/index.php?rest_route=%2Fwp%2Fv2%2Fcomments&post=1337"}],"version-history":[{"count":4,"href":"https:\/\/fvalemannia08nied.de\/index.php?rest_route=\/wp\/v2\/posts\/1337\/revisions"}],"predecessor-version":[{"id":1347,"href":"https:\/\/fvalemannia08nied.de\/index.php?rest_route=\/wp\/v2\/posts\/1337\/revisions\/1347"}],"wp:attachment":[{"href":"https:\/\/fvalemannia08nied.de\/index.php?rest_route=%2Fwp%2Fv2%2Fmedia&parent=1337"}],"wp:term":[{"taxonomy":"category","embeddable":true,"href":"https:\/\/fvalemannia08nied.de\/index.php?rest_route=%2Fwp%2Fv2%2Fcategories&post=1337"},{"taxonomy":"post_tag","embeddable":true,"href":"https:\/\/fvalemannia08nied.de\/index.php?rest_route=%2Fwp%2Fv2%2Ftags&post=1337"}],"curies":[{"name":"wp","href":"https:\/\/api.w.org\/{rel}","templated":true}]}}