{"id":1882,"date":"2023-03-22T10:15:27","date_gmt":"2023-03-22T09:15:27","guid":{"rendered":"https:\/\/fvalemannia08nied.de\/?p=1882"},"modified":"2023-03-22T10:17:11","modified_gmt":"2023-03-22T09:17:11","slug":"spieltag-jugendpokal-halbfinale","status":"publish","type":"post","link":"https:\/\/fvalemannia08nied.de\/?p=1882","title":{"rendered":"Spieltag &#8211; Jugendpokal-Halbfinale"},"content":{"rendered":"\n<p>Unsere Alemannia-Jugend steht im im Pokal-Halbfinale, und dass gleich doppelt! Nun gilt es die starken Leistungen zu best\u00e4tigen und das Unm\u00f6gliche m\u00f6glich zu machen. Das funktioniert nur mit Eurer Unterst\u00fctzung. Deshalb: seid der 12 Mann &#8211; kommt am Montag und Mittwoch vorbei und unterst\u00fctzt unsere Jungs. Auf geht\u00b4s, Alemannia!<\/p>\n\n\n\n<figure class=\"wp-block-image size-full\"><img loading=\"lazy\" decoding=\"async\" width=\"2560\" height=\"1817\" src=\"https:\/\/fvalemannia08nied.de\/wp-content\/uploads\/2023\/03\/230319_Spielankundigungsplakat-scaled.jpg\" alt=\"\" class=\"wp-image-1883\" srcset=\"https:\/\/fvalemannia08nied.de\/wp-content\/uploads\/2023\/03\/230319_Spielankundigungsplakat-scaled.jpg 2560w, https:\/\/fvalemannia08nied.de\/wp-content\/uploads\/2023\/03\/230319_Spielankundigungsplakat-300x213.jpg 300w, https:\/\/fvalemannia08nied.de\/wp-content\/uploads\/2023\/03\/230319_Spielankundigungsplakat-150x106.jpg 150w, https:\/\/fvalemannia08nied.de\/wp-content\/uploads\/2023\/03\/230319_Spielankundigungsplakat-768x545.jpg 768w, https:\/\/fvalemannia08nied.de\/wp-content\/uploads\/2023\/03\/230319_Spielankundigungsplakat-1536x1090.jpg 1536w\" sizes=\"(max-width: 2560px) 100vw, 2560px\" \/><\/figure>\n","protected":false},"excerpt":{"rendered":"<p>Unsere Alemannia-Jugend steht im im Pokal-Halbfinale, und dass gleich doppelt! Nun gilt es die starken Leistungen zu best\u00e4tigen und das Unm\u00f6gliche m\u00f6glich zu machen. Das funktioniert nur mit Eurer Unterst\u00fctzung. Deshalb: seid der 12 Mann &#8211; kommt am Montag und Mittwoch vorbei und unterst\u00fctzt unsere Jungs. Auf geht\u00b4s, Alemannia!<\/p>\n","protected":false},"author":5,"featured_media":0,"comment_status":"closed","ping_status":"open","sticky":false,"template":"","format":"standard","meta":{"footnotes":""},"categories":[5],"tags":[],"_links":{"self":[{"href":"https:\/\/fvalemannia08nied.de\/index.php?rest_route=\/wp\/v2\/posts\/1882"}],"collection":[{"href":"https:\/\/fvalemannia08nied.de\/index.php?rest_route=\/wp\/v2\/posts"}],"about":[{"href":"https:\/\/fvalemannia08nied.de\/index.php?rest_route=\/wp\/v2\/types\/post"}],"author":[{"embeddable":true,"href":"https:\/\/fvalemannia08nied.de\/index.php?rest_route=\/wp\/v2\/users\/5"}],"replies":[{"embeddable":true,"href":"https:\/\/fvalemannia08nied.de\/index.php?rest_route=%2Fwp%2Fv2%2Fcomments&post=1882"}],"version-history":[{"count":2,"href":"https:\/\/fvalemannia08nied.de\/index.php?rest_route=\/wp\/v2\/posts\/1882\/revisions"}],"predecessor-version":[{"id":1886,"href":"https:\/\/fvalemannia08nied.de\/index.php?rest_route=\/wp\/v2\/posts\/1882\/revisions\/1886"}],"wp:attachment":[{"href":"https:\/\/fvalemannia08nied.de\/index.php?rest_route=%2Fwp%2Fv2%2Fmedia&parent=1882"}],"wp:term":[{"taxonomy":"category","embeddable":true,"href":"https:\/\/fvalemannia08nied.de\/index.php?rest_route=%2Fwp%2Fv2%2Fcategories&post=1882"},{"taxonomy":"post_tag","embeddable":true,"href":"https:\/\/fvalemannia08nied.de\/index.php?rest_route=%2Fwp%2Fv2%2Ftags&post=1882"}],"curies":[{"name":"wp","href":"https:\/\/api.w.org\/{rel}","templated":true}]}}