{"id":1974,"date":"2023-05-23T09:46:30","date_gmt":"2023-05-23T08:46:30","guid":{"rendered":"https:\/\/fvalemannia08nied.de\/?p=1974"},"modified":"2023-06-17T18:23:13","modified_gmt":"2023-06-17T17:23:13","slug":"tag-des-madchenfussballs-beim-fv-alemannia-08-nied","status":"publish","type":"post","link":"https:\/\/fvalemannia08nied.de\/?p=1974","title":{"rendered":"17.06.: TAG DES M\u00c4DCHENFUSSBALLS BEIM FV ALEMANNIA 08 NIED"},"content":{"rendered":"\n<p>Seid dabei und erlebt einen spannenden Tag voller Fu\u00dfball beim Tag des M\u00e4dchenfu\u00dfballs! <br>Der FV Alemannia 08 Nied und der Deutsche Fu\u00dfballbund, DFB, l\u00e4dt euch herzlich ein, die Sportart Fu\u00dfball auf eine ganz ungezwungene und spielerische Weise kennenzulernen. Egal ob ihr bereits im Verein aktiv seid oder bisher noch keine Erfahrungen mit dem Fu\u00dfball habt, dieser Tag bietet f\u00fcr alle M\u00e4dchen die M\u00f6glichkeit, erste Bewegungserfahrungen mit dem Ball am Fu\u00df zu sammeln.<\/p>\n\n\n\n<p>Lasst euch inspirieren und entdeckt eure Leidenschaft f\u00fcr den Fu\u00dfball! Gemeinsam mit unseren Spielerinnen aus unserer Damenmannschaft erwarten euch vielf\u00e4ltige Angebote wie ein Schnuppertraining, ein Fu\u00dfballturnier f\u00fcr Neulinge und die M\u00f6glichkeit, das &#8220;DFB-Fu\u00dfballabzeichen&#8221; abzulegen. Hier k\u00f6nnt ihr eure F\u00e4higkeiten zeigen und gemeinsam mit anderen M\u00e4dchen in einer freundlichen und motivierenden Atmosph\u00e4re spielen.<\/p>\n\n\n\n<p>Der Tag des M\u00e4dchenfu\u00dfballs findet am <strong>Samstag, den  17.06.2023 von 11:00 &#8211; 15:00 Uhr<\/strong> beim FV Alemannia 08 Nied statt. <\/p>\n\n\n\n<p>Kommt vorbei und erlebt einen unvergesslichen Tag voller Fu\u00dfball! Bringt eure Freundinnen mit und zeigt, dass M\u00e4dchenfu\u00dfball genauso begeistern und faszinieren kann wie jede andere Sportart.<\/p>\n\n\n\n<p>Wir freuen uns auf euch!<\/p>\n\n\n\n<p>Euer FV Alemannia 08 Nied<\/p>\n\n\n\n<div class=\"wp-block-columns is-layout-flex wp-container-core-columns-is-layout-1 wp-block-columns-is-layout-flex\">\n<div class=\"wp-block-column is-layout-flow wp-block-column-is-layout-flow\">\n<figure class=\"wp-block-gallery has-nested-images columns-default is-cropped wp-block-gallery-1 is-layout-flex wp-block-gallery-is-layout-flex\"><\/figure>\n<\/div>\n\n\n\n<div class=\"wp-block-column is-layout-flow wp-block-column-is-layout-flow\">\n<figure class=\"wp-block-gallery has-nested-images columns-default is-cropped wp-block-gallery-2 is-layout-flex wp-block-gallery-is-layout-flex\"><\/figure>\n<\/div>\n<\/div>\n","protected":false},"excerpt":{"rendered":"<p>Seid dabei und erlebt einen spannenden Tag voller Fu\u00dfball beim Tag des M\u00e4dchenfu\u00dfballs! Der FV Alemannia 08 Nied und der Deutsche Fu\u00dfballbund, DFB, l\u00e4dt euch herzlich ein, die Sportart Fu\u00dfball auf eine ganz ungezwungene und spielerische Weise kennenzulernen. Egal ob ihr bereits im Verein aktiv seid oder bisher noch keine Erfahrungen mit dem Fu\u00dfball habt, [&hellip;]<\/p>\n","protected":false},"author":5,"featured_media":0,"comment_status":"closed","ping_status":"open","sticky":false,"template":"","format":"standard","meta":{"footnotes":""},"categories":[5],"tags":[],"_links":{"self":[{"href":"https:\/\/fvalemannia08nied.de\/index.php?rest_route=\/wp\/v2\/posts\/1974"}],"collection":[{"href":"https:\/\/fvalemannia08nied.de\/index.php?rest_route=\/wp\/v2\/posts"}],"about":[{"href":"https:\/\/fvalemannia08nied.de\/index.php?rest_route=\/wp\/v2\/types\/post"}],"author":[{"embeddable":true,"href":"https:\/\/fvalemannia08nied.de\/index.php?rest_route=\/wp\/v2\/users\/5"}],"replies":[{"embeddable":true,"href":"https:\/\/fvalemannia08nied.de\/index.php?rest_route=%2Fwp%2Fv2%2Fcomments&post=1974"}],"version-history":[{"count":5,"href":"https:\/\/fvalemannia08nied.de\/index.php?rest_route=\/wp\/v2\/posts\/1974\/revisions"}],"predecessor-version":[{"id":2010,"href":"https:\/\/fvalemannia08nied.de\/index.php?rest_route=\/wp\/v2\/posts\/1974\/revisions\/2010"}],"wp:attachment":[{"href":"https:\/\/fvalemannia08nied.de\/index.php?rest_route=%2Fwp%2Fv2%2Fmedia&parent=1974"}],"wp:term":[{"taxonomy":"category","embeddable":true,"href":"https:\/\/fvalemannia08nied.de\/index.php?rest_route=%2Fwp%2Fv2%2Fcategories&post=1974"},{"taxonomy":"post_tag","embeddable":true,"href":"https:\/\/fvalemannia08nied.de\/index.php?rest_route=%2Fwp%2Fv2%2Ftags&post=1974"}],"curies":[{"name":"wp","href":"https:\/\/api.w.org\/{rel}","templated":true}]}}