{"id":2927,"date":"2025-01-17T07:26:02","date_gmt":"2025-01-17T06:26:02","guid":{"rendered":"https:\/\/fvalemannia08nied.de\/?p=2927"},"modified":"2025-01-17T07:51:12","modified_gmt":"2025-01-17T06:51:12","slug":"alemannia-jugend-mit-guten-ergebnissen-im-jahr-2024","status":"publish","type":"post","link":"https:\/\/fvalemannia08nied.de\/?p=2927","title":{"rendered":"Bericht \u00fcber die Seniorenteams von Alemannia Nied"},"content":{"rendered":"\n<figure class=\"wp-block-image size-large\"><img loading=\"lazy\" decoding=\"async\" width=\"1024\" height=\"682\" src=\"https:\/\/fvalemannia08nied.de\/wp-content\/uploads\/2025\/01\/WhatsApp-Image-2025-01-17-at-07.30.00_576b6ed7-1024x682.jpg\" alt=\"\" class=\"wp-image-2932\" srcset=\"https:\/\/fvalemannia08nied.de\/wp-content\/uploads\/2025\/01\/WhatsApp-Image-2025-01-17-at-07.30.00_576b6ed7-1024x682.jpg 1024w, https:\/\/fvalemannia08nied.de\/wp-content\/uploads\/2025\/01\/WhatsApp-Image-2025-01-17-at-07.30.00_576b6ed7-300x200.jpg 300w, https:\/\/fvalemannia08nied.de\/wp-content\/uploads\/2025\/01\/WhatsApp-Image-2025-01-17-at-07.30.00_576b6ed7-150x100.jpg 150w, https:\/\/fvalemannia08nied.de\/wp-content\/uploads\/2025\/01\/WhatsApp-Image-2025-01-17-at-07.30.00_576b6ed7-768x512.jpg 768w, https:\/\/fvalemannia08nied.de\/wp-content\/uploads\/2025\/01\/WhatsApp-Image-2025-01-17-at-07.30.00_576b6ed7-1536x1023.jpg 1536w, https:\/\/fvalemannia08nied.de\/wp-content\/uploads\/2025\/01\/WhatsApp-Image-2025-01-17-at-07.30.00_576b6ed7.jpg 1600w\" sizes=\"(max-width: 1024px) 100vw, 1024px\" \/><\/figure>\n\n\n\n<p><\/p>\n\n\n\n<p>In der aktuellen Saison haben die Seniorenteams von Alemannia Nied eine gemischte Bilanz in der Vorrunde erzielt. W\u00e4hrend die 2. Mannschaft mit soliden Ergebnissen auf sich aufmerksam machen konnte, sieht sich die Damenmannschaft mit einigen Herausforderungen konfrontiert. Auch die 1. Mannschaft hat noch viel Arbeit vor sich, um die angestrebten Ziele zu erreichen.<\/p>\n\n\n\n<p>Damenmannschaft<\/p>\n\n\n\n<p>Die Damenmannschaft startete vielversprechend in die Saison, konnte jedoch im Verlauf der Vorrunde nicht an die anf\u00e4nglichen Erfolge ankn\u00fcpfen. Trotz eines starken Starts musste sich das Team mit einem Mittelfeldplatz begn\u00fcgen. Die Leistungen schwankten, und es gab einige knappe Niederlagen, die das Team aus dem oberen Tabellendrittel warfen. Zudem sieht sich die Mannschaft dem Verlust weiterer Leistungstr\u00e4ger gegen\u00fcber, was die Situation zus\u00e4tzlich erschwert. Der Verein wird nun alles daran setzen, geeignete Nachfolgerinnen zu finden und die Teamdynamik zu st\u00e4rken, um in der R\u00fcckrunde wieder angreifen zu k\u00f6nnen.<\/p>\n\n\n\n<ol start=\"2\">\n<li>Mannschaft<\/li>\n<\/ol>\n\n\n\n<p>Die 2. Mannschaft hat in der Vorrunde eine bemerkenswerte Leistung gezeigt und mit 23 Punkten den 7. Platz in ihrer Liga erreicht. Dieses Ergebnis ist ein klarer Indikator f\u00fcr die positive Entwicklung der Mannschaft. Die Spieler haben sich gut aufeinander eingespielt und mit einer soliden Teamleistung daf\u00fcr gesorgt, dass der Abstieg kein Thema sein sollte. Der Fokus f\u00fcr die R\u00fcckrunde liegt nun darauf, den Platz im Mittelfeld zu festigen und gegebenenfalls weiter nach oben zu klettern.<\/p>\n\n\n\n<ol>\n<li>Mannschaft<\/li>\n<\/ol>\n\n\n\n<p>Die 1. Mannschaft befindet sich derzeit auf dem 12. Platz in der Tabelle, mit einem Vorsprung von 5 Punkten auf einen m\u00f6glichen Abstiegsplatz. Die Situation ist angespannt, jedoch ist das erkl\u00e4rte Ziel der Mannschaft, die Liga zu halten. In der Vorrunde gab es sowohl Lichtblicke als auch R\u00fcckschl\u00e4ge, und die Mannschaft muss sich kontinuierlich weiterentwickeln, um die Abstiegssorgen hinter sich zu lassen. Die bevorstehenden Winterabg\u00e4nge stellen eine Herausforderung dar, doch der Verein ist bestrebt, die vorhandenen Talente zu f\u00f6rdern und neue Impulse zu setzen, um die Mannschaft zu stabilisieren.<\/p>\n\n\n\n<p>Ausblick<\/p>\n\n\n\n<p>Insgesamt stehen Alemannia Nieds Seniorenteams vor unterschiedlichen Herausforderungen und Chancen in der R\u00fcckrunde. W\u00e4hrend die 2. Mannschaft auf einem guten Weg ist, m\u00fcssen die Damen und die 1. Mannschaft ihre Entwicklungen vorantreiben, um ihre Ziele zu erreichen. Der Verein bleibt optimistisch und arbeitet kontinuierlich daran, die Rahmenbedingungen f\u00fcr alle Teams zu verbessern, um die sportlichen Erfolge nachhaltig&nbsp;zu&nbsp;sichern.<\/p>\n","protected":false},"excerpt":{"rendered":"<p>In der aktuellen Saison haben die Seniorenteams von Alemannia Nied eine gemischte Bilanz in der Vorrunde erzielt. W\u00e4hrend die 2. Mannschaft mit soliden Ergebnissen auf sich aufmerksam machen konnte, sieht sich die Damenmannschaft mit einigen Herausforderungen konfrontiert. Auch die 1. Mannschaft hat noch viel Arbeit vor sich, um die angestrebten Ziele zu erreichen. Damenmannschaft Die [&hellip;]<\/p>\n","protected":false},"author":1,"featured_media":0,"comment_status":"closed","ping_status":"open","sticky":false,"template":"","format":"standard","meta":{"footnotes":""},"categories":[5],"tags":[],"_links":{"self":[{"href":"https:\/\/fvalemannia08nied.de\/index.php?rest_route=\/wp\/v2\/posts\/2927"}],"collection":[{"href":"https:\/\/fvalemannia08nied.de\/index.php?rest_route=\/wp\/v2\/posts"}],"about":[{"href":"https:\/\/fvalemannia08nied.de\/index.php?rest_route=\/wp\/v2\/types\/post"}],"author":[{"embeddable":true,"href":"https:\/\/fvalemannia08nied.de\/index.php?rest_route=\/wp\/v2\/users\/1"}],"replies":[{"embeddable":true,"href":"https:\/\/fvalemannia08nied.de\/index.php?rest_route=%2Fwp%2Fv2%2Fcomments&post=2927"}],"version-history":[{"count":4,"href":"https:\/\/fvalemannia08nied.de\/index.php?rest_route=\/wp\/v2\/posts\/2927\/revisions"}],"predecessor-version":[{"id":2937,"href":"https:\/\/fvalemannia08nied.de\/index.php?rest_route=\/wp\/v2\/posts\/2927\/revisions\/2937"}],"wp:attachment":[{"href":"https:\/\/fvalemannia08nied.de\/index.php?rest_route=%2Fwp%2Fv2%2Fmedia&parent=2927"}],"wp:term":[{"taxonomy":"category","embeddable":true,"href":"https:\/\/fvalemannia08nied.de\/index.php?rest_route=%2Fwp%2Fv2%2Fcategories&post=2927"},{"taxonomy":"post_tag","embeddable":true,"href":"https:\/\/fvalemannia08nied.de\/index.php?rest_route=%2Fwp%2Fv2%2Ftags&post=2927"}],"curies":[{"name":"wp","href":"https:\/\/api.w.org\/{rel}","templated":true}]}}