{"id":2934,"date":"2025-01-17T07:50:24","date_gmt":"2025-01-17T06:50:24","guid":{"rendered":"https:\/\/fvalemannia08nied.de\/?p=2934"},"modified":"2025-01-17T07:50:25","modified_gmt":"2025-01-17T06:50:25","slug":"alemannia-jugend-mit-guten-ergebnissen-im-jahr-2024-2","status":"publish","type":"post","link":"https:\/\/fvalemannia08nied.de\/?p=2934","title":{"rendered":"Alemannia-Jugend mit guten Ergebnissen im\u00a0Jahr\u00a02024!!!"},"content":{"rendered":"\n<figure class=\"wp-block-image size-large\"><a href=\"https:\/\/fvalemannia08nied.de\/wp-content\/uploads\/2025\/01\/WhatsApp-Image-2025-01-17-at-07.02.47_1804e609.jpg\"><img loading=\"lazy\" decoding=\"async\" width=\"1024\" height=\"768\" src=\"https:\/\/fvalemannia08nied.de\/wp-content\/uploads\/2025\/01\/WhatsApp-Image-2025-01-17-at-07.02.47_1804e609-1024x768.jpg\" alt=\"\" class=\"wp-image-2928\" srcset=\"https:\/\/fvalemannia08nied.de\/wp-content\/uploads\/2025\/01\/WhatsApp-Image-2025-01-17-at-07.02.47_1804e609-1024x768.jpg 1024w, https:\/\/fvalemannia08nied.de\/wp-content\/uploads\/2025\/01\/WhatsApp-Image-2025-01-17-at-07.02.47_1804e609-300x225.jpg 300w, https:\/\/fvalemannia08nied.de\/wp-content\/uploads\/2025\/01\/WhatsApp-Image-2025-01-17-at-07.02.47_1804e609-150x113.jpg 150w, https:\/\/fvalemannia08nied.de\/wp-content\/uploads\/2025\/01\/WhatsApp-Image-2025-01-17-at-07.02.47_1804e609-768x576.jpg 768w, https:\/\/fvalemannia08nied.de\/wp-content\/uploads\/2025\/01\/WhatsApp-Image-2025-01-17-at-07.02.47_1804e609-1536x1152.jpg 1536w, https:\/\/fvalemannia08nied.de\/wp-content\/uploads\/2025\/01\/WhatsApp-Image-2025-01-17-at-07.02.47_1804e609.jpg 1600w\" sizes=\"(max-width: 1024px) 100vw, 1024px\" \/><\/a><\/figure>\n\n\n\n<p><\/p>\n\n\n\n<p>Die Jugendmannschaften von Alemannia Nied haben in dieser Saison 2024 \/ 2025 bisher beeindruckende sportliche Leistungen gezeigt.<\/p>\n\n\n\n<p>Viele Teams befinden sich in ihren Ligen unter den Top 3 und k\u00e4mpfen um den Aufstieg \u2013 ein Beweis f\u00fcr das hohe Niveau und die erfolgreiche Arbeit im Jugendbereich.<\/p>\n\n\n\n<p>Die Trainer und Betreuer leisten hervorragende Arbeit, um die Talente zu f\u00f6rdern und die Spieler sowohl sportlich als auch pers\u00f6nlich zu entwickeln.<\/p>\n\n\n\n<p>Besonders erfreulich ist die Nachricht, dass es nach \u00fcber 10 Jahren im kommenden Sommer wieder eine A-Jugend geben wird.<\/p>\n\n\n\n<p>Dies ist ein wichtiger Schritt f\u00fcr den Verein, um den Nachwuchs weiter zu st\u00e4rken und den Spielern die M\u00f6glichkeit zu bieten, sich auf h\u00f6herem Niveau zu messen. Die R\u00fcckkehr der A-Jugend wird nicht nur dazu beitragen, talentierte Spieler zu f\u00f6rdern, sondern auch die Identifikation der Jugendlichen mit dem Verein zu st\u00e4rken.<\/p>\n\n\n\n<p>Wir sind stolz auf die bisherigen Erfolge und die positive Entwicklung der Jugendmannschaften und blicken voller Zuversicht in die Zukunft.<\/p>\n\n\n\n<p>Alemannia Nied setzt auf eine nachhaltige und erfolgreiche Jugendarbeit, die sich langfristig&nbsp;auszahlen&nbsp;wird.<\/p>\n","protected":false},"excerpt":{"rendered":"<p>Die Jugendmannschaften von Alemannia Nied haben in dieser Saison 2024 \/ 2025 bisher beeindruckende sportliche Leistungen gezeigt. Viele Teams befinden sich in ihren Ligen unter den Top 3 und k\u00e4mpfen um den Aufstieg \u2013 ein Beweis f\u00fcr das hohe Niveau und die erfolgreiche Arbeit im Jugendbereich. Die Trainer und Betreuer leisten hervorragende Arbeit, um die [&hellip;]<\/p>\n","protected":false},"author":1,"featured_media":0,"comment_status":"closed","ping_status":"open","sticky":false,"template":"","format":"standard","meta":{"footnotes":""},"categories":[5],"tags":[],"_links":{"self":[{"href":"https:\/\/fvalemannia08nied.de\/index.php?rest_route=\/wp\/v2\/posts\/2934"}],"collection":[{"href":"https:\/\/fvalemannia08nied.de\/index.php?rest_route=\/wp\/v2\/posts"}],"about":[{"href":"https:\/\/fvalemannia08nied.de\/index.php?rest_route=\/wp\/v2\/types\/post"}],"author":[{"embeddable":true,"href":"https:\/\/fvalemannia08nied.de\/index.php?rest_route=\/wp\/v2\/users\/1"}],"replies":[{"embeddable":true,"href":"https:\/\/fvalemannia08nied.de\/index.php?rest_route=%2Fwp%2Fv2%2Fcomments&post=2934"}],"version-history":[{"count":2,"href":"https:\/\/fvalemannia08nied.de\/index.php?rest_route=\/wp\/v2\/posts\/2934\/revisions"}],"predecessor-version":[{"id":2936,"href":"https:\/\/fvalemannia08nied.de\/index.php?rest_route=\/wp\/v2\/posts\/2934\/revisions\/2936"}],"wp:attachment":[{"href":"https:\/\/fvalemannia08nied.de\/index.php?rest_route=%2Fwp%2Fv2%2Fmedia&parent=2934"}],"wp:term":[{"taxonomy":"category","embeddable":true,"href":"https:\/\/fvalemannia08nied.de\/index.php?rest_route=%2Fwp%2Fv2%2Fcategories&post=2934"},{"taxonomy":"post_tag","embeddable":true,"href":"https:\/\/fvalemannia08nied.de\/index.php?rest_route=%2Fwp%2Fv2%2Ftags&post=2934"}],"curies":[{"name":"wp","href":"https:\/\/api.w.org\/{rel}","templated":true}]}}