{"id":473,"date":"2021-05-10T15:41:59","date_gmt":"2021-05-10T14:41:59","guid":{"rendered":"https:\/\/fvalemannia08nied.de\/?p=473"},"modified":"2021-05-10T15:42:01","modified_gmt":"2021-05-10T14:42:01","slug":"alemannia-gratuliert-der-sg-nied-und-eintracht-frankfurt-zur-fusion","status":"publish","type":"post","link":"https:\/\/fvalemannia08nied.de\/?p=473","title":{"rendered":"Alemannia gratuliert der SG Nied und Eintracht Frankfurt zur Fusion"},"content":{"rendered":"\n<p><em>10.05.2021<\/em> Mit \u00fcberw\u00e4ltigender Mehrheit haben sich die Mitglieder unseres befreundeten Vereins, der SG Nied, dem Zusammenschluss mit der Eintracht Frankfurt e.V. zugestimmt. <strong>&#8220;Alles au\u00dfer Fussball&#8221;<\/strong> wird nun f\u00fcr die Mitglieder der SG ein neues Zuhause im Frankfurter Westen finden k\u00f6nnen.<br>Unser Vorstandsvorsitzender Dieter Eichhorn: &#8220;Der Fu\u00dfballverein Alemannia 08 Nied e.V. gratuliert den Mitglieder der SG zum Fusionsbeschluss und w\u00fcnschen f\u00fcr den neuen Weg alles Gute. Sport und Vereinsleben bekommen nun eine neue Heimat. Wir freuen uns auf die weiterhin gute sportliche Zusammenarbeit. Lasst uns Chancen nutzen &#8211; f\u00fcr unseren Stadtteil und die Sportler in Nied.&#8221; <a href=\"https:\/\/sgnied.de\/blog\/2021\/05\/08\/ein-ja-zur-fusion\/\">Weitere Infos<\/a><\/p>\n","protected":false},"excerpt":{"rendered":"<p>10.05.2021 Mit \u00fcberw\u00e4ltigender Mehrheit haben sich die Mitglieder unseres befreundeten Vereins, der SG Nied, dem Zusammenschluss mit der Eintracht Frankfurt e.V. zugestimmt. &#8220;Alles au\u00dfer Fussball&#8221; wird nun f\u00fcr die Mitglieder der SG ein neues Zuhause im Frankfurter Westen finden k\u00f6nnen.Unser Vorstandsvorsitzender Dieter Eichhorn: &#8220;Der Fu\u00dfballverein Alemannia 08 Nied e.V. gratuliert den Mitglieder der SG zum [&hellip;]<\/p>\n","protected":false},"author":5,"featured_media":0,"comment_status":"closed","ping_status":"open","sticky":false,"template":"","format":"standard","meta":{"footnotes":""},"categories":[5],"tags":[],"_links":{"self":[{"href":"https:\/\/fvalemannia08nied.de\/index.php?rest_route=\/wp\/v2\/posts\/473"}],"collection":[{"href":"https:\/\/fvalemannia08nied.de\/index.php?rest_route=\/wp\/v2\/posts"}],"about":[{"href":"https:\/\/fvalemannia08nied.de\/index.php?rest_route=\/wp\/v2\/types\/post"}],"author":[{"embeddable":true,"href":"https:\/\/fvalemannia08nied.de\/index.php?rest_route=\/wp\/v2\/users\/5"}],"replies":[{"embeddable":true,"href":"https:\/\/fvalemannia08nied.de\/index.php?rest_route=%2Fwp%2Fv2%2Fcomments&post=473"}],"version-history":[{"count":1,"href":"https:\/\/fvalemannia08nied.de\/index.php?rest_route=\/wp\/v2\/posts\/473\/revisions"}],"predecessor-version":[{"id":474,"href":"https:\/\/fvalemannia08nied.de\/index.php?rest_route=\/wp\/v2\/posts\/473\/revisions\/474"}],"wp:attachment":[{"href":"https:\/\/fvalemannia08nied.de\/index.php?rest_route=%2Fwp%2Fv2%2Fmedia&parent=473"}],"wp:term":[{"taxonomy":"category","embeddable":true,"href":"https:\/\/fvalemannia08nied.de\/index.php?rest_route=%2Fwp%2Fv2%2Fcategories&post=473"},{"taxonomy":"post_tag","embeddable":true,"href":"https:\/\/fvalemannia08nied.de\/index.php?rest_route=%2Fwp%2Fv2%2Ftags&post=473"}],"curies":[{"name":"wp","href":"https:\/\/api.w.org\/{rel}","templated":true}]}}