{"id":481,"date":"2021-05-14T21:12:44","date_gmt":"2021-05-14T20:12:44","guid":{"rendered":"https:\/\/fvalemannia08nied.de\/?p=481"},"modified":"2021-06-28T10:11:46","modified_gmt":"2021-06-28T09:11:46","slug":"nied-soll-lebenswerter-werden","status":"publish","type":"post","link":"https:\/\/fvalemannia08nied.de\/?p=481","title":{"rendered":"Nied soll lebenswerter werden!"},"content":{"rendered":"\n<figure class=\"wp-block-image size-large is-resized\"><a href=\"https:\/\/fvalemannia08nied.de\/wp-content\/uploads\/2021\/05\/football-4392446_640.jpg\"><img loading=\"lazy\" decoding=\"async\" src=\"https:\/\/fvalemannia08nied.de\/wp-content\/uploads\/2021\/05\/football-4392446_640.jpg\" alt=\"\" class=\"wp-image-482\" width=\"160\" height=\"91\" srcset=\"https:\/\/fvalemannia08nied.de\/wp-content\/uploads\/2021\/05\/football-4392446_640.jpg 640w, https:\/\/fvalemannia08nied.de\/wp-content\/uploads\/2021\/05\/football-4392446_640-300x170.jpg 300w, https:\/\/fvalemannia08nied.de\/wp-content\/uploads\/2021\/05\/football-4392446_640-150x85.jpg 150w\" sizes=\"(max-width: 160px) 100vw, 160px\" \/><\/a><\/figure>\n\n\n\n<p><em>15.05.2021<\/em> Neue Wege, interessante Spiel- und Sportangebote und einladende Ruhezonen sollen die Parkanlage in Nied-S\u00fcd zu Deinem neuen Lieblingsort machen! <br>Ob Bolzplatz oder neuer Fussballplatz, ob mit Tartan oder Kunstrasen, ob mit stabilen Toren oder mit einer massiven Begrenzung &#8211; das <a href=\"https:\/\/www.stadtplanungsamt-frankfurt.de\/sozialer_zusammenhalt_nied_17808.html#page_20379\">Projekt &#8220;Soziale Stadt Nied&#8221;<\/a> sammelt Ideen und Vorschl\u00e4ge, wie die Parkanlage s\u00fcdlich der Alzeyer Stra\u00dfe zu neuem Leben erweckt werden kann.  <br>Nutzen wir die M\u00f6glichkeit! Die Alemannia setzt sich f\u00fcr eine Erneuerung des Bolzplatzes ein. Wir rufen Euch auf, Euch <strong>bis zum 23. Mai<\/strong> auch aktiv zu beteiligen. Dazu f\u00fcllt bitte dieses <a href=\"https:\/\/www.stadtplanungsamt-frankfurt.de\/show.php?ID=20844\"><strong>Formular<\/strong><\/a> aus und\/oder gebt Eure Ideen und Anregungen direkt im Stadtteilb\u00fcro Nied, Alt-Nied 13 ab!<br>Wir verstehen die Arbeit des Projektes als gro\u00dfartige Chance f\u00fcr Nied, f\u00fcr unsere Kinder und Jugendlichen, f\u00fcr uns und das Zusammenleben in Nied. Daher unterst\u00fctzt und begr\u00fc\u00dft die Alemannia ausdr\u00fccklich die Arbeit der &#8220;Sozialen Stadt Nied&#8221;.<\/p>\n","protected":false},"excerpt":{"rendered":"<p>15.05.2021 Neue Wege, interessante Spiel- und Sportangebote und einladende Ruhezonen sollen die Parkanlage in Nied-S\u00fcd zu Deinem neuen Lieblingsort machen! Ob Bolzplatz oder neuer Fussballplatz, ob mit Tartan oder Kunstrasen, ob mit stabilen Toren oder mit einer massiven Begrenzung &#8211; das Projekt &#8220;Soziale Stadt Nied&#8221; sammelt Ideen und Vorschl\u00e4ge, wie die Parkanlage s\u00fcdlich der Alzeyer [&hellip;]<\/p>\n","protected":false},"author":5,"featured_media":0,"comment_status":"closed","ping_status":"open","sticky":false,"template":"","format":"standard","meta":{"footnotes":""},"categories":[5],"tags":[],"_links":{"self":[{"href":"https:\/\/fvalemannia08nied.de\/index.php?rest_route=\/wp\/v2\/posts\/481"}],"collection":[{"href":"https:\/\/fvalemannia08nied.de\/index.php?rest_route=\/wp\/v2\/posts"}],"about":[{"href":"https:\/\/fvalemannia08nied.de\/index.php?rest_route=\/wp\/v2\/types\/post"}],"author":[{"embeddable":true,"href":"https:\/\/fvalemannia08nied.de\/index.php?rest_route=\/wp\/v2\/users\/5"}],"replies":[{"embeddable":true,"href":"https:\/\/fvalemannia08nied.de\/index.php?rest_route=%2Fwp%2Fv2%2Fcomments&post=481"}],"version-history":[{"count":6,"href":"https:\/\/fvalemannia08nied.de\/index.php?rest_route=\/wp\/v2\/posts\/481\/revisions"}],"predecessor-version":[{"id":550,"href":"https:\/\/fvalemannia08nied.de\/index.php?rest_route=\/wp\/v2\/posts\/481\/revisions\/550"}],"wp:attachment":[{"href":"https:\/\/fvalemannia08nied.de\/index.php?rest_route=%2Fwp%2Fv2%2Fmedia&parent=481"}],"wp:term":[{"taxonomy":"category","embeddable":true,"href":"https:\/\/fvalemannia08nied.de\/index.php?rest_route=%2Fwp%2Fv2%2Fcategories&post=481"},{"taxonomy":"post_tag","embeddable":true,"href":"https:\/\/fvalemannia08nied.de\/index.php?rest_route=%2Fwp%2Fv2%2Ftags&post=481"}],"curies":[{"name":"wp","href":"https:\/\/api.w.org\/{rel}","templated":true}]}}