{"id":494,"date":"2021-05-21T12:23:00","date_gmt":"2021-05-21T11:23:00","guid":{"rendered":"https:\/\/fvalemannia08nied.de\/?p=494"},"modified":"2021-06-28T10:11:01","modified_gmt":"2021-06-28T09:11:01","slug":"meine-kraft-vor-ort-verstarkt-die-alemannia","status":"publish","type":"post","link":"https:\/\/fvalemannia08nied.de\/?p=494","title":{"rendered":"\u201eMeine Kraft vor Ort\u201c verst\u00e4rkt die Alemannia!"},"content":{"rendered":"\n<p>Alemannia begr\u00fc\u00dft die S\u00fcwag im Team! Wir sind stolz unseren neuen Unterst\u00fctzer anzuk\u00fcndigen. <br>Mit der S\u00fcwag gewinnen wir einen Partner, der zu uns passt: Aus der Region &#8211; f\u00fcr die Region. Mit diesem Energieschub k\u00f6nnen wir in die neue Saison starten. Ob Strom, Gas oder W\u00e4rme &#8211; ca. 1800 Mitarbeiter vor Ort sorgen t\u00e4glich daf\u00fcr, dass es uns zu Hause gut geht. <br>Daf\u00fcr vielen Dank! Wir freuen uns auf eine energievolle Zusammenarbeit.<\/p>\n\n\n\n<figure class=\"wp-block-image size-large is-resized\"><a href=\"https:\/\/fvalemannia08nied.de\/wp-content\/uploads\/2021\/05\/SUWAG_Alemannia-1.jpg\"><img loading=\"lazy\" decoding=\"async\" src=\"https:\/\/fvalemannia08nied.de\/wp-content\/uploads\/2021\/05\/SUWAG_Alemannia-1-1024x256.jpg\" alt=\"\" class=\"wp-image-499\" width=\"768\" height=\"192\" srcset=\"https:\/\/fvalemannia08nied.de\/wp-content\/uploads\/2021\/05\/SUWAG_Alemannia-1-1024x256.jpg 1024w, https:\/\/fvalemannia08nied.de\/wp-content\/uploads\/2021\/05\/SUWAG_Alemannia-1-300x75.jpg 300w, https:\/\/fvalemannia08nied.de\/wp-content\/uploads\/2021\/05\/SUWAG_Alemannia-1-150x38.jpg 150w, https:\/\/fvalemannia08nied.de\/wp-content\/uploads\/2021\/05\/SUWAG_Alemannia-1-768x192.jpg 768w, https:\/\/fvalemannia08nied.de\/wp-content\/uploads\/2021\/05\/SUWAG_Alemannia-1-1536x384.jpg 1536w, https:\/\/fvalemannia08nied.de\/wp-content\/uploads\/2021\/05\/SUWAG_Alemannia-1.jpg 1567w\" sizes=\"(max-width: 768px) 100vw, 768px\" \/><\/a><\/figure>\n\n\n\n<p><\/p>\n","protected":false},"excerpt":{"rendered":"<p>Alemannia begr\u00fc\u00dft die S\u00fcwag im Team! Wir sind stolz unseren neuen Unterst\u00fctzer anzuk\u00fcndigen. Mit der S\u00fcwag gewinnen wir einen Partner, der zu uns passt: Aus der Region &#8211; f\u00fcr die Region. Mit diesem Energieschub k\u00f6nnen wir in die neue Saison starten. Ob Strom, Gas oder W\u00e4rme &#8211; ca. 1800 Mitarbeiter vor Ort sorgen t\u00e4glich daf\u00fcr, [&hellip;]<\/p>\n","protected":false},"author":5,"featured_media":0,"comment_status":"closed","ping_status":"open","sticky":false,"template":"","format":"standard","meta":{"footnotes":""},"categories":[5],"tags":[],"_links":{"self":[{"href":"https:\/\/fvalemannia08nied.de\/index.php?rest_route=\/wp\/v2\/posts\/494"}],"collection":[{"href":"https:\/\/fvalemannia08nied.de\/index.php?rest_route=\/wp\/v2\/posts"}],"about":[{"href":"https:\/\/fvalemannia08nied.de\/index.php?rest_route=\/wp\/v2\/types\/post"}],"author":[{"embeddable":true,"href":"https:\/\/fvalemannia08nied.de\/index.php?rest_route=\/wp\/v2\/users\/5"}],"replies":[{"embeddable":true,"href":"https:\/\/fvalemannia08nied.de\/index.php?rest_route=%2Fwp%2Fv2%2Fcomments&post=494"}],"version-history":[{"count":11,"href":"https:\/\/fvalemannia08nied.de\/index.php?rest_route=\/wp\/v2\/posts\/494\/revisions"}],"predecessor-version":[{"id":549,"href":"https:\/\/fvalemannia08nied.de\/index.php?rest_route=\/wp\/v2\/posts\/494\/revisions\/549"}],"wp:attachment":[{"href":"https:\/\/fvalemannia08nied.de\/index.php?rest_route=%2Fwp%2Fv2%2Fmedia&parent=494"}],"wp:term":[{"taxonomy":"category","embeddable":true,"href":"https:\/\/fvalemannia08nied.de\/index.php?rest_route=%2Fwp%2Fv2%2Fcategories&post=494"},{"taxonomy":"post_tag","embeddable":true,"href":"https:\/\/fvalemannia08nied.de\/index.php?rest_route=%2Fwp%2Fv2%2Ftags&post=494"}],"curies":[{"name":"wp","href":"https:\/\/api.w.org\/{rel}","templated":true}]}}