{"id":932,"date":"2021-12-02T09:21:28","date_gmt":"2021-12-02T08:21:28","guid":{"rendered":"https:\/\/fvalemannia08nied.de\/?p=932"},"modified":"2021-12-02T09:24:51","modified_gmt":"2021-12-02T08:24:51","slug":"weihnachtsmarkt-abgesagt","status":"publish","type":"post","link":"https:\/\/fvalemannia08nied.de\/?p=932","title":{"rendered":"Unser Weihnachtsmarkt &#8211; ABGESAGT"},"content":{"rendered":"\n<p>Aufgrund der Pandemie und den daraus resultierenden Beschl\u00fcssen haben wir uns entschieden den geplanten Weihnachtsmarkt der Alemannia am 11.12. abzusagen. Uns als Verein liegt das Wohl und die Gesundheit ALLER am Herzen. <br>Aufgrund dieser Tatsache haben wir schweren Herzens entschieden, dass wir es nicht verantworten k\u00f6nnen, einen Weihnachtsmarkt stattfinden zu lassen. Wir sind sehr traurig \u00fcber diesen Schritt.<br>Jedoch gilt es gemeinsam gegen das Corona-Virus anzuk\u00e4mpfen und das Infektionsrisiko so gering wie m\u00f6glich zu halten, sodass wir alle ein besinnliches Weihnachten im Kreise der Familie und den Liebsten feiern k\u00f6nnen.<br>In der Hoffnung das wir die Corona-Kriese bald \u00fcberwunden haben, sind wir bereits in Planung eines <strong>Fr\u00fchlingsfestes<\/strong> &#8211; lasst Euch \u00fcberraschen!<br><strong>Die Alemannia w\u00fcnscht allen eine fr\u00f6hliche Vorweihnachtszeit, ein gesegnetes Weihnachtsfest und in diesen Tagen nat\u00fcrlich nicht au\u00dferacht zu lassen ganz, ganz viel Gesundheit!<\/strong><br>Wir freuen uns Euch bald wieder auf dem Sportplatz begr\u00fc\u00dfen zu d\u00fcrfen.<br><br>Eure Alemannia aus Nied<\/p>\n\n\n\n<figure class=\"wp-block-image size-large\"><img loading=\"lazy\" decoding=\"async\" width=\"1024\" height=\"726\" src=\"https:\/\/fvalemannia08nied.de\/wp-content\/uploads\/2021\/12\/WhatsApp-Image-2021-12-01-at-15.41.59-1024x726.jpeg\" alt=\"\" class=\"wp-image-933\" srcset=\"https:\/\/fvalemannia08nied.de\/wp-content\/uploads\/2021\/12\/WhatsApp-Image-2021-12-01-at-15.41.59-1024x726.jpeg 1024w, https:\/\/fvalemannia08nied.de\/wp-content\/uploads\/2021\/12\/WhatsApp-Image-2021-12-01-at-15.41.59-300x213.jpeg 300w, https:\/\/fvalemannia08nied.de\/wp-content\/uploads\/2021\/12\/WhatsApp-Image-2021-12-01-at-15.41.59-150x106.jpeg 150w, https:\/\/fvalemannia08nied.de\/wp-content\/uploads\/2021\/12\/WhatsApp-Image-2021-12-01-at-15.41.59-768x544.jpeg 768w, https:\/\/fvalemannia08nied.de\/wp-content\/uploads\/2021\/12\/WhatsApp-Image-2021-12-01-at-15.41.59.jpeg 1120w\" sizes=\"(max-width: 1024px) 100vw, 1024px\" \/><\/figure>\n","protected":false},"excerpt":{"rendered":"<p>Aufgrund der Pandemie und den daraus resultierenden Beschl\u00fcssen haben wir uns entschieden den geplanten Weihnachtsmarkt der Alemannia am 11.12. abzusagen. Uns als Verein liegt das Wohl und die Gesundheit ALLER am Herzen. Aufgrund dieser Tatsache haben wir schweren Herzens entschieden, dass wir es nicht verantworten k\u00f6nnen, einen Weihnachtsmarkt stattfinden zu lassen. Wir sind sehr traurig [&hellip;]<\/p>\n","protected":false},"author":5,"featured_media":0,"comment_status":"closed","ping_status":"open","sticky":false,"template":"","format":"standard","meta":{"footnotes":""},"categories":[5],"tags":[],"_links":{"self":[{"href":"https:\/\/fvalemannia08nied.de\/index.php?rest_route=\/wp\/v2\/posts\/932"}],"collection":[{"href":"https:\/\/fvalemannia08nied.de\/index.php?rest_route=\/wp\/v2\/posts"}],"about":[{"href":"https:\/\/fvalemannia08nied.de\/index.php?rest_route=\/wp\/v2\/types\/post"}],"author":[{"embeddable":true,"href":"https:\/\/fvalemannia08nied.de\/index.php?rest_route=\/wp\/v2\/users\/5"}],"replies":[{"embeddable":true,"href":"https:\/\/fvalemannia08nied.de\/index.php?rest_route=%2Fwp%2Fv2%2Fcomments&post=932"}],"version-history":[{"count":3,"href":"https:\/\/fvalemannia08nied.de\/index.php?rest_route=\/wp\/v2\/posts\/932\/revisions"}],"predecessor-version":[{"id":937,"href":"https:\/\/fvalemannia08nied.de\/index.php?rest_route=\/wp\/v2\/posts\/932\/revisions\/937"}],"wp:attachment":[{"href":"https:\/\/fvalemannia08nied.de\/index.php?rest_route=%2Fwp%2Fv2%2Fmedia&parent=932"}],"wp:term":[{"taxonomy":"category","embeddable":true,"href":"https:\/\/fvalemannia08nied.de\/index.php?rest_route=%2Fwp%2Fv2%2Fcategories&post=932"},{"taxonomy":"post_tag","embeddable":true,"href":"https:\/\/fvalemannia08nied.de\/index.php?rest_route=%2Fwp%2Fv2%2Ftags&post=932"}],"curies":[{"name":"wp","href":"https:\/\/api.w.org\/{rel}","templated":true}]}}